{"id":31496,"date":"2026-08-27T21:46:57","date_gmt":"2026-08-27T21:46:57","guid":{"rendered":"https:\/\/www.colombohurdlaw.com\/september-2026-visa-bulletin\/"},"modified":"2026-08-28T14:27:17","modified_gmt":"2026-08-28T14:27:17","slug":"boletim-de-vistos-de-setembro-de-2026","status":"publish","type":"post","link":"https:\/\/www.colombohurdlaw.com\/pt-br\/boletim-de-vistos-de-setembro-de-2026\/","title":{"rendered":"Boletim de Vistos de Setembro de 2026: EB-2 Permanece Current no Encerramento do Ano Fiscal"},"content":{"rendered":"<section class=\"alignfull hero wp-block-acf wp-block-acf-post-hero\" id=\"block_ac4c42de5735688b7c5e10a4dd501e45\"><div class=\"wp-block-acf-post-hero__background\"><img loading=\"lazy\" decoding=\"async\" width=\"1920\" height=\"1080\" src=\"https:\/\/www.colombohurdlaw.com\/wp-content\/uploads\/2025\/09\/blog-banner-ch-blue-1920x1080.jpg\" class=\"attachment-image-1920 size-image-1920\" alt=\"\" srcset=\"https:\/\/www.colombohurdlaw.com\/wp-content\/uploads\/2025\/09\/blog-banner-ch-blue-1920x1080.jpg 1920w, https:\/\/www.colombohurdlaw.com\/wp-content\/uploads\/2025\/09\/blog-banner-ch-blue-768x432.jpg 768w, https:\/\/www.colombohurdlaw.com\/wp-content\/uploads\/2025\/09\/blog-banner-ch-blue-1270x714.jpg 1270w, https:\/\/www.colombohurdlaw.com\/wp-content\/uploads\/2025\/09\/blog-banner-ch-blue-430x242.jpg 430w, https:\/\/www.colombohurdlaw.com\/wp-content\/uploads\/2025\/09\/blog-banner-ch-blue-1536x864.jpg 1536w, https:\/\/www.colombohurdlaw.com\/wp-content\/uploads\/2025\/09\/blog-banner-ch-blue-2048x1152.jpg 2048w\" sizes=\"auto, (max-width: 1920px) 100vw, 1920px\" style=\"object-position: 50% 50%; object-fit: cover;\" \/><\/div><div class=\"wp-block-acf-post-hero__container\">\n<div class=\"wp-block-acf-post-hero__content\">\n\n    <div class=\"wp-block-acf-post-hero__grid\">\n\n        <div class=\"wp-block-acf-post-hero__column\">\n\n            <header class=\"entry-header\">\n                <div class=\"reading-time\"><svg class=\"svg-icon\" role=\"img\" aria-hidden=\"true\" focusable=\"false\" xmlns=\"http:\/\/www.w3.org\/2000\/svg\" width=\"24\" height=\"24\" viewBox=\"0 0 24 24\" fill=\"none\"><circle cx=\"12.1\" cy=\"12.1\" r=\"11.1\" stroke=\"currentColor\" stroke-width=\"1.5\"\/><path d=\"M12.0996 4.18634V12.5L15.9688 15.4\" stroke=\"currentColor\" stroke-width=\"1.5\"\/><\/svg><span class=\"time\">12 min read<\/span><\/div><h2 class=\"entry-title\" itemprop=\"headline\"><a href=\"https:\/\/www.colombohurdlaw.com\/pt-br\/boletim-de-vistos-de-setembro-de-2026\/\" rel=\"bookmark\">Boletim de Vistos de Setembro de 2026: EB-2 Permanece Current no Encerramento do Ano Fiscal<\/a><\/h2>            <\/header>\n\n        <\/div>\n    <\/div>\n\n<\/div>\n\n\n<\/section>\n\n\n<div>\n<div class=\"wp-block-columns toc-row is-layout-flex wp-container-core-columns-is-layout-8f761849 wp-block-columns-is-layout-flex\">\n<div class=\"wp-block-column toc-sticky is-layout-flow wp-block-column-is-layout-flow\" style=\"padding-top:var(--wp--preset--spacing--30);padding-right:var(--wp--preset--spacing--30);padding-bottom:var(--wp--preset--spacing--30);padding-left:var(--wp--preset--spacing--30);flex-basis:30%\"><figure class=\"wp-block-post-featured-image\"><img loading=\"lazy\" decoding=\"async\" width=\"1543\" height=\"982\" src=\"https:\/\/www.colombohurdlaw.com\/wp-content\/uploads\/2026\/08\/2026-VISA-BULLETIN-POR.png\" class=\"attachment-post-thumbnail size-post-thumbnail wp-post-image\" alt=\"\" style=\"object-fit:cover;object-position: 50% 50%; object-fit: cover;\" srcset=\"https:\/\/www.colombohurdlaw.com\/wp-content\/uploads\/2026\/08\/2026-VISA-BULLETIN-POR.png 1543w, https:\/\/www.colombohurdlaw.com\/wp-content\/uploads\/2026\/08\/2026-VISA-BULLETIN-POR-768x489.png 768w, https:\/\/www.colombohurdlaw.com\/wp-content\/uploads\/2026\/08\/2026-VISA-BULLETIN-POR-1270x808.png 1270w, https:\/\/www.colombohurdlaw.com\/wp-content\/uploads\/2026\/08\/2026-VISA-BULLETIN-POR-430x274.png 430w, https:\/\/www.colombohurdlaw.com\/wp-content\/uploads\/2026\/08\/2026-VISA-BULLETIN-POR-1536x978.png 1536w\" sizes=\"auto, (max-width: 1543px) 100vw, 1543px\" \/><\/figure>\n\n\n<div class=\"wp-block-group has-light-blue-background-color has-background is-content-justification-center is-layout-constrained wp-container-core-group-is-layout-c0b51426 wp-block-group-is-layout-constrained\" style=\"padding-top:var(--wp--preset--spacing--50);padding-right:var(--wp--preset--spacing--50);padding-bottom:var(--wp--preset--spacing--50);padding-left:var(--wp--preset--spacing--50)\">\n<h3 class=\"wp-block-heading\">Nesta P\u00e1gina<\/h3>\n\n\n\n<ul class=\"wp-block-list is-style-checkmark has-small-font-size\">\n<li><a href=\"#1\">Datas de A\u00e7\u00e3o Final Baseadas em Emprego de Setembro de 2026<\/a><\/li>\n\n\n\n<li><a href=\"#2\">EB-2 Est\u00e1 Current: O Que Isso Significa Se Voc\u00ea Est\u00e1 Dentro dos EUA&nbsp;<\/a><\/li>\n\n\n\n<li><a href=\"#3\">O Que Isso Significa Se Voc\u00ea Est\u00e1 Fora dos EUA<\/a><\/li>\n\n\n\n<li><a href=\"#4\">EB-1 \u00cdndia: A Data se Mant\u00e9m, mas o Alerta Permanece&nbsp;<\/a><\/li>\n\n\n\n<li><a href=\"#7\" data-type=\"internal\" data-id=\"#7\">Alertas de Final do Ano Fiscal: EB-2 e EB-5 Unreserved&nbsp;<\/a><\/li>\n\n\n\n<li><a href=\"#12\" data-type=\"internal\" data-id=\"#12\">O Prazo de 30 de Setembro Muda a Forma de Ler Este Boletim&nbsp;<\/a><\/li>\n\n\n\n<li><a href=\"#5\">Frequently Asked Questions&nbsp;<\/a><\/li>\n<\/ul>\n\n\n\n<div>\n<a class=\"gb-text gb-text-b72a38a2\" href=\"https:\/\/niwapproval.io\/colombo-hurd-qs-v4\/?utm_source=Website&#038;_gl=1*1b97gzy*_gcl_au*MTI4MDM2NDgwNS4xNzc3OTg1MjE2Li0uLS4xNzg0MjI5NTgwLjc5NTQxMDY4NS4xNzg1MTcxNTE0LjE3ODUxNzE1MjI.\" target=\"_blank\" rel=\"noopener\">AVALIE SEU PERFIL<\/a>\n<\/div>\n<\/div>\n<\/div>\n\n\n\n<div class=\"wp-block-column is-layout-flow wp-block-column-is-layout-flow\" style=\"flex-basis:66.66%\">\n<p class=\"wp-block-paragraph\">O <a href=\"https:\/\/travel.state.gov\/content\/travel\/en\/legal\/visa-law0\/visa-bulletin\/2026\/visa-bulletin-for-september-2026.html\" target=\"_blank\" rel=\"noopener\">Boletim de Vistos de Setembro de 2026<\/a> mant\u00e9m a maioria das categorias baseadas em emprego est\u00e1veis, com o EB-2 permanecendo Current na tabela de Datas de A\u00e7\u00e3o Final para todos os pa\u00edses, exceto \u00cdndia e China. <a href=\"https:\/\/www.uscis.gov\/\" target=\"_blank\" rel=\"noopener\">United States Citizenship and Immigration Services (USCIS)<\/a> designou novamente a tabela de Datas de A\u00e7\u00e3o Final como a tabela operativa de setembro para peti\u00e7\u00f5es de ajuste de status baseadas em emprego.&nbsp;<\/p>\n\n\n\n<p class=\"wp-block-paragraph\">Para candidatos eleg\u00edveis do Rest of World com um Formul\u00e1rio I-140 aprovado ou pendente, a janela de solicita\u00e7\u00e3o de green card que se abriu no in\u00edcio do ano permanece aberta. Green cards podem ser aprovados durante essa janela, embora os prazos de processamento ainda variem caso a caso.&nbsp;&nbsp;<\/p>\n\n\n\n<p class=\"wp-block-paragraph\">Setembro tamb\u00e9m \u00e9 o \u00faltimo m\u00eas do ano fiscal de 2026, que termina em 30 de setembro. As datas se mantiveram est\u00e1veis, mas o Department of State volta a alertar que EB-2, EB-1 \u00cdndia e a categoria EB-5 Unreserved podem retroceder ou tornar-se indispon\u00edveis antes do fim do ano fiscal se os limites anuais forem atingidos. Uma data Current indica disponibilidade hoje, mas n\u00e3o garante que uma categoria ainda ter\u00e1 n\u00fameros de visto em 30 de setembro.&nbsp;&nbsp;<\/p>\n\n\n\n<h2 id=\"1\" class=\"wp-block-heading\">Datas de A\u00e7\u00e3o Final Baseadas em Emprego de Setembro de 2026<\/h2>\n\n\n\n<p class=\"wp-block-paragraph\">A tabela abaixo mostra as Datas de A\u00e7\u00e3o Final para as categorias de prefer\u00eancia baseadas em emprego em setembro de 2026. A Data de A\u00e7\u00e3o Final \u00e9 o corte que controla quando um green card pode efetivamente ser aprovado ou um visto de imigrante emitido.&nbsp;&nbsp;<\/p>\n\n\n\n<p class=\"wp-block-paragraph\">Uma priority date \u00e9 a data que fixa o lugar de um candidato na fila, geralmente definida quando a peti\u00e7\u00e3o subjacente foi apresentada. Segundo este boletim, o EB-2 funciona como uma \u00fanica categoria de segunda prefer\u00eancia para fins de priority date, cobrindo tanto casos de EB-2 PERM quanto de EB-2 National Interest Waiver (NIW).&nbsp;&nbsp;<\/p>\n\n\n\n<figure class=\"wp-block-table\"><table class=\"has-fixed-layout\"><tbody><tr><td><strong>Categoria<\/strong>&nbsp;<\/td><td><strong>Todos (Rest of World e M\u00e9xico)<\/strong>&nbsp;<\/td><td><strong>China<\/strong>&nbsp;<\/td><td><strong>\u00cdndia<\/strong>&nbsp;<\/td><td><strong>Filipinas<\/strong>&nbsp;<\/td><\/tr><tr><td>EB-1 (1st)&nbsp;<\/td><td>Current&nbsp;<\/td><td>01 JUL 2023&nbsp;<\/td><td>15 OCT 2022&nbsp;<\/td><td>Current&nbsp;<\/td><\/tr><tr><td>EB-2 (2nd)&nbsp;<\/td><td>Current&nbsp;<\/td><td>01 SEP 2021&nbsp;<\/td><td>Indispon\u00edvel&nbsp;<\/td><td>Current&nbsp;<\/td><\/tr><tr><td>EB-3 (3rd)&nbsp;<\/td><td>01 SEP 2024&nbsp;<\/td><td>01 JAN 2022&nbsp;<\/td><td>01 JAN 2014&nbsp;<\/td><td>01 AUG 2023&nbsp;<\/td><\/tr><tr><td>Other Workers&nbsp;<\/td><td>01 APR 2022&nbsp;<\/td><td>01 MAY 2019&nbsp;<\/td><td>01 JAN 2014&nbsp;<\/td><td>01 DEC 2021&nbsp;<\/td><\/tr><tr><td>EB-4 (4th)&nbsp;<\/td><td>15 DEC 2022&nbsp;<\/td><td>15 DEC 2022&nbsp;<\/td><td>15 DEC 2022&nbsp;<\/td><td>15 DEC 2022&nbsp;<\/td><\/tr><tr><td>Certain Religious Workers&nbsp;<\/td><td>15 DEC 2022&nbsp;<\/td><td>15 DEC 2022&nbsp;<\/td><td>15 DEC 2022&nbsp;<\/td><td>15 DEC 2022&nbsp;<\/td><\/tr><tr><td>EB-5 Unreserved&nbsp;<\/td><td>Current&nbsp;<\/td><td>01 DEC 2016&nbsp;<\/td><td>Indispon\u00edvel&nbsp;<\/td><td>Current&nbsp;<\/td><\/tr><tr><td>EB-5 Rural (Set-Aside)&nbsp;<\/td><td>Current&nbsp;<\/td><td>Current&nbsp;<\/td><td>Current&nbsp;<\/td><td>Current&nbsp;<\/td><\/tr><tr><td>EB-5 High Unemployment (Set-Aside)&nbsp;<\/td><td>Current&nbsp;<\/td><td>Current&nbsp;<\/td><td>Current&nbsp;<\/td><td>Current&nbsp;<\/td><\/tr><tr><td>EB-5 Infrastructure (Set-Aside)&nbsp;<\/td><td>Current&nbsp;<\/td><td>Current&nbsp;<\/td><td>Current&nbsp;<\/td><td>Current&nbsp;<\/td><\/tr><\/tbody><\/table><\/figure>\n\n\n\n<p class=\"wp-block-paragraph\"><strong><em>Fonte: U.S. Department of State, Boletim de Vistos de Setembro de 2026, Volume XI, N\u00famero 18.<\/em><\/strong>&nbsp;<\/p>\n\n\n\n<p class=\"wp-block-paragraph\">Quase todas as datas baseadas em emprego mantiveram o mesmo n\u00edvel de agosto. A \u00fanica exce\u00e7\u00e3o \u00e9 EB-4 e Certain Religious Workers, que avan\u00e7ou dois meses para 15 de dezembro de 2022, para todos os pa\u00edses. O movimento mais expressivo do boletim de setembro foi no lado family-sponsored, que este artigo n\u00e3o aborda.&nbsp;&nbsp;<\/p>\n\n\n\n<h2 id=\"2\" class=\"wp-block-heading\">EB-2 Est\u00e1 Current: O Que Isso Significa Se Voc\u00ea Est\u00e1 Dentro dos EUA<\/h2>\n\n\n\n<p class=\"wp-block-paragraph\">Se voc\u00ea est\u00e1 nos Estados Unidos em um status n\u00e3o-imigrante v\u00e1lido como H-1B, O-1, L-1, F-1 ou E-2, o boletim de setembro mant\u00e9m aberta uma importante oportunidade de solicita\u00e7\u00e3o de green card para candidatos eleg\u00edveis do Rest of World. Como o EB-2 est\u00e1 Current na tabela de Datas de A\u00e7\u00e3o Final, um candidato eleg\u00edvel com um Formul\u00e1rio I-140 aprovado ou pendente pode conseguir apresentar o Formul\u00e1rio I-485 e solicitar um green card de dentro dos Estados Unidos, em vez de concluir o processamento consular no exterior. Esse processo \u00e9 conhecido como adjustment of status.&nbsp;&nbsp;&nbsp;<\/p>\n\n\n\n<p class=\"wp-block-paragraph\">Em setembro, o EB-2 tamb\u00e9m est\u00e1 Current na tabela de Dates for Filing. Como o USCIS designou a tabela de Datas de A\u00e7\u00e3o Final como a tabela operativa para peti\u00e7\u00f5es baseadas em emprego neste m\u00eas, essa \u00e9 a tabela que controla quando um candidato eleg\u00edvel pode apresentar o pedido. Quando a elegibilidade permite, o Formul\u00e1rio I-140 e o Formul\u00e1rio I-485 podem ser apresentados juntos, o que \u00e9 conhecido como concurrent filing. O concurrent filing tamb\u00e9m abrange casos de EB-2 NIW, nos quais os requisitos de oferta de emprego e de PERM labor certification s\u00e3o dispensados e a peti\u00e7\u00e3o pode ser self-sponsored ou employer-sponsored.&nbsp;&nbsp;<\/p>\n\n\n\n<p class=\"wp-block-paragraph\">Uma vez apresentado o pedido, voc\u00ea pode solicitar uma autoriza\u00e7\u00e3o de trabalho, o Employment Authorization Document (EAD), e a autoriza\u00e7\u00e3o de viagem, conhecida como Advance Parole, no mesmo pacote do Formul\u00e1rio I-485. N\u00e3o \u00e9 necess\u00e1rio esperar que o I-485 seja aceito primeiro. Se os n\u00fameros de visto ficarem depois indispon\u00edveis para sua categoria, o USCIS pode n\u00e3o conseguir aprovar o green card imediatamente.&nbsp;&nbsp;<\/p>\n\n\n\n<p class=\"wp-block-paragraph\">Sua peti\u00e7\u00e3o de I-485 pode permanecer pendente, e sua priority date n\u00e3o muda. Na maioria dos casos, qualquer autoriza\u00e7\u00e3o de trabalho ou documento de viagem aprovado pode continuar sendo utilizado at\u00e9 expirar, desde que permane\u00e7a pendente e nenhum outro problema afete sua elegibilidade.&nbsp;&nbsp;<\/p>\n\n\n\n<h2 id=\"3\" class=\"wp-block-heading\">O Que Isso Significa Se Voc\u00ea Est\u00e1 Fora dos EUA<\/h2>\n\n\n\n<p class=\"wp-block-paragraph\">Para candidatos com processamento em um consulado dos EUA no exterior, uma Data de A\u00e7\u00e3o Final Current afeta quando um visto de imigrante pode ser emitido, n\u00e3o apenas quando os documentos podem ser enviados. Com o EB-2 Current em todo o Rest of World, nenhum corte de priority date est\u00e1 travando os casos consulares neste m\u00eas. A peti\u00e7\u00e3o do Formul\u00e1rio I-140, a an\u00e1lise pelo USCIS e a prepara\u00e7\u00e3o pelo National Visa Center (NVC) podem todos avan\u00e7ar agora.&nbsp;&nbsp;<\/p>\n\n\n\n<p class=\"wp-block-paragraph\">Para casos consulares, a tabela de Datas de A\u00e7\u00e3o Final rege quando um visto pode ser emitido, enquanto a tabela de Dates for Filing rege quando o NVC convida um candidato a enviar documentos. A tabela de Dates for Filing \u00e9 uma data anterior que pode permitir que alguns candidatos preparem a documenta\u00e7\u00e3o antes da disponibiliza\u00e7\u00e3o de um n\u00famero de visto. Nosso <a href=\"https:\/\/www.colombohurdlaw.com\/how-to-read-the-visa-bulletin\/\" target=\"_blank\" rel=\"noopener\">guia de leitura do Boletim de Vistos<\/a> explica como as duas tabelas interagem. Os agendamentos de entrevista nos consulados s\u00e3o limitados, e o ano fiscal termina em 30 de setembro.&nbsp;&nbsp;<\/p>\n\n\n\n<p class=\"wp-block-paragraph\">Cidad\u00e3os indianos com processamento no exterior tamb\u00e9m devem observar o alerta sobre EB-1 \u00cdndia descrito abaixo. Restri\u00e7\u00f5es consulares espec\u00edficas por pa\u00eds aplicam-se a alguns cidad\u00e3os. Qualquer pessoa com processamento no exterior deve confirmar a situa\u00e7\u00e3o consular atual com um advogado antes de seguir em frente.&nbsp;&nbsp;<\/p>\n\n\n\n<h2 id=\"4\" class=\"wp-block-heading\">EB-1 \u00cdndia: A Data se Mant\u00e9m, mas o Alerta Permanece<\/h2>\n\n\n\n<p class=\"wp-block-paragraph\">A tabela abaixo apresenta as datas de setembro em rela\u00e7\u00e3o ao risco associado a cada uma, que \u00e9 onde a hist\u00f3ria se posiciona neste m\u00eas.&nbsp;&nbsp;<\/p>\n\n\n\n<figure class=\"wp-block-table\"><table class=\"has-fixed-layout\"><tbody><tr><td><strong>Categoria<\/strong>&nbsp;<\/td><td><strong>September 2026<\/strong>&nbsp;<\/td><td><strong>Status neste m\u00eas<\/strong>&nbsp;<\/td><\/tr><tr><td>EB-2 Rest of World&nbsp;<\/td><td>Current&nbsp;<\/td><td>Dispon\u00edvel, sob alerta categoria-inteira&nbsp;<\/td><\/tr><tr><td>EB-1 \u00cdndia&nbsp;<\/td><td>15 OCT 2022&nbsp;<\/td><td>Inalterado, unavailability warned&nbsp;<\/td><\/tr><tr><td>EB-2 \u00cdndia&nbsp;<\/td><td>Indispon\u00edvel&nbsp;<\/td><td>Fechado para FY2026&nbsp;<\/td><\/tr><tr><td>EB-5 Unreserved \u00cdndia&nbsp;<\/td><td>Indispon\u00edvel&nbsp;<\/td><td>Fechado para FY2026&nbsp;<\/td><\/tr><tr><td>EB-2 China&nbsp;<\/td><td>01 SEP 2021&nbsp;<\/td><td>Inalterado&nbsp;<\/td><\/tr><tr><td>EB-1 China&nbsp;<\/td><td>01 JUL 2023&nbsp;<\/td><td>Inalterado ap\u00f3s avan\u00e7o de agosto&nbsp;<\/td><\/tr><tr><td>EB-4 (todos os pa\u00edses)&nbsp;<\/td><td>15 DEC 2022&nbsp;<\/td><td>Avan\u00e7ou dois meses&nbsp;<\/td><\/tr><tr><td>EB-5 Unreserved Rest of World&nbsp;<\/td><td>Current&nbsp;<\/td><td>Dispon\u00edvel, alerta adicionado&nbsp;<\/td><\/tr><\/tbody><\/table><\/figure>\n\n\n\n<p class=\"wp-block-paragraph\">A priority date do EB-1 para a \u00cdndia se mant\u00e9m em 15 de outubro de 2022, o mesmo corte de agosto. O que n\u00e3o desapareceu \u00e9 o alerta a ela associado. O boletim afirma que alta demanda e uso de n\u00fameros por candidatos EB-1 imput\u00e1veis \u00e0 \u00cdndia pode tornar necess\u00e1rio indisponibilizar a categoria nas pr\u00f3ximas semanas, caso o limite pro-rated da \u00cdndia seja atingido antes do fim do ano fiscal. Um limite pro-rated por pa\u00eds \u00e9 a fatia do total anual que qualquer pa\u00eds pode usar, fixada em sete por cento.&nbsp;&nbsp;<\/p>\n\n\n\n<p class=\"wp-block-paragraph\">Uma designa\u00e7\u00e3o de indispon\u00edvel seria uma parada total, n\u00e3o uma data de corte mais lenta. Nenhum n\u00famero de imigrante seria emitido em EB-1 \u00cdndia at\u00e9 o in\u00edcio do pr\u00f3ximo ano fiscal, em 1\u00ba de outubro. Uma peti\u00e7\u00e3o pendente ou aprovada e uma priority date estabelecida n\u00e3o s\u00e3o afetadas por tal designa\u00e7\u00e3o. Para cidad\u00e3os indianos com peti\u00e7\u00f5es EB-1 pendentes ou planejadas, a quest\u00e3o em aberto \u00e9 o timing, que vale a pena revisar com um advogado.&nbsp;&nbsp;&nbsp;<\/p>\n\n\n\n<h2 class=\"wp-block-heading\">Alertas de Final do Ano Fiscal: EB-2 e EB-5 Unreserved&nbsp;<\/h2>\n\n\n\n<p class=\"wp-block-paragraph\">Dois outros alertas acompanham a nota sobre EB-1 \u00cdndia, e ambos se baseiam na mesma matem\u00e1tica do ano fiscal. Para o EB-2, o boletim diz que o aumento da demanda pode tornar necess\u00e1rio retroceder a Data de A\u00e7\u00e3o Final, ou seja, mov\u00ea-la para tr\u00e1s, ou indisponibilizar a categoria antes de 30 de setembro. O alerta se aplica \u00e0 categoria EB-2 como um todo, incluindo o Rest of World, mesmo que o EB-2 apare\u00e7a hoje como Current.&nbsp;&nbsp;<\/p>\n\n\n\n<p class=\"wp-block-paragraph\">Para o EB-5 Unreserved, o boletim adiciona seu pr\u00f3prio alerta de que a demanda pode exigir o retrocesso da data ou tornar a categoria indispon\u00edvel antes do fim do ano fiscal. O alerta concerne apenas \u00e0 categoria EB-5 Unreserved. As categorias set-aside rural, high-unemployment e infrastructure permanecem Current em todos os pa\u00edses. Nenhum dos alertas \u00e9 uma mudan\u00e7a que j\u00e1 entrou em vigor. Ambos descrevem o que pode acontecer se os limites anuais forem atingidos.&nbsp;&nbsp;<\/p>\n\n\n\n<h2 class=\"wp-block-heading\">O Prazo de 30 de Setembro Muda a Forma de Ler Este Boletim&nbsp;<\/h2>\n\n\n\n<p class=\"wp-block-paragraph\">O ano fiscal de 2026 termina em 30 de setembro de 2026, e a oferta anual de vistos baseados em emprego \u00e9 reiniciada em 1\u00ba de outubro. O ano fiscal federal vai de 1\u00ba de outubro a 30 de setembro, e os n\u00fameros de vistos de imigrante de cada ano s\u00e3o alocados dentro dessa janela.&nbsp;&nbsp;<\/p>\n\n\n\n<figure class=\"wp-block-image size-full is-resized\"><img loading=\"lazy\" decoding=\"async\" width=\"1122\" height=\"1426\" src=\"https:\/\/www.colombohurdlaw.com\/wp-content\/uploads\/2026\/08\/Captura-de-Tela-2026-08-28-as-11.25.34.png\" alt=\"\" class=\"wp-image-31507\" style=\"aspect-ratio:0.788135593220339;width:465px;height:auto\" srcset=\"https:\/\/www.colombohurdlaw.com\/wp-content\/uploads\/2026\/08\/Captura-de-Tela-2026-08-28-as-11.25.34.png 1122w, https:\/\/www.colombohurdlaw.com\/wp-content\/uploads\/2026\/08\/Captura-de-Tela-2026-08-28-as-11.25.34-430x547.png 430w, https:\/\/www.colombohurdlaw.com\/wp-content\/uploads\/2026\/08\/Captura-de-Tela-2026-08-28-as-11.25.34-768x976-1.png 768w\" sizes=\"auto, (max-width: 1122px) 100vw, 1122px\" \/><\/figure>\n\n\n\n<p class=\"wp-block-paragraph\">O limite mundial baseado em emprego para o ano fiscal \u00e9 de 186.317. Quando uma categoria atinge sua fatia desse total, o Department of State pode torn\u00e1-la indispon\u00edvel pelo restante do ano, como j\u00e1 aconteceu com EB-2 \u00cdndia e EB-5 Unreserved \u00cdndia.&nbsp;&nbsp;<\/p>\n\n\n\n<p class=\"wp-block-paragraph\">Setembro se comporta de forma diferente de um boletim comum de meio de ano. Uma data que aparece como Current n\u00e3o impede uma categoria de esgotar sua aloca\u00e7\u00e3o mais tarde no m\u00eas. O EB-2 permaneceu Current para o Rest of World desde maio, e acompanhamos o movimento recente em nossa <a href=\"https:\/\/www.colombohurdlaw.com\/pt-br\/agosto-2026-boletim-vistos\/\" target=\"_blank\" rel=\"noopener\">an\u00e1lise do Boletim de Vistos de Agosto de 2026<\/a>. Por quanto tempo o status Current se mant\u00e9m depende da demanda at\u00e9 30 de setembro.&nbsp;<\/p>\n\n\n\n<h2 id=\"5\" class=\"wp-block-heading\">Perguntas Frequentes&nbsp;<\/h2>\n\n\n\n<h3 class=\"wp-block-heading\">O EB-2 ainda est\u00e1 Current para meu pa\u00eds. Posso apresentar meu Formul\u00e1rio I-485 em setembro?&nbsp;<\/h3>\n\n\n\n<p class=\"wp-block-paragraph\">Possivelmente. Current na tabela de Datas de A\u00e7\u00e3o Final, a tabela operativa deste m\u00eas, significa que n\u00e3o h\u00e1 corte de priority date para sua categoria. Um candidato eleg\u00edvel com um Formul\u00e1rio I-140 aprovado ou pendente pode apresentar o pedido, embora confirmar sua pr\u00f3pria elegibilidade com um advogado antes de apresentar valha a pena.&nbsp;<\/p>\n\n\n\n<h3 class=\"wp-block-heading\">Por que o EB-2 \u00e9 chamado de em risco se o boletim diz Current?&nbsp;&nbsp;<\/h3>\n\n\n\n<p class=\"wp-block-paragraph\">Current significa que um n\u00famero de visto est\u00e1 dispon\u00edvel agora para candidatos qualificados naquela categoria. O Department of State ainda pode retroceder uma data de corte ou tornar uma categoria indispon\u00edvel mais tarde no m\u00eas se a demanda esgotar o limite anual de FY2026. O alerta descreve essa possibilidade, n\u00e3o uma mudan\u00e7a que j\u00e1 ocorreu.&nbsp;&nbsp;<\/p>\n\n\n\n<h3 class=\"wp-block-heading\">Qual \u00e9 a priority date atual do EB-1 para a \u00cdndia?&nbsp;<\/h3>\n\n\n\n<p class=\"wp-block-paragraph\">A Data de A\u00e7\u00e3o Final do EB-1 \u00cdndia de setembro de 2026 \u00e9 15 de outubro de 2022, inalterada em rela\u00e7\u00e3o a agosto. O Department of State continua a alertar que a categoria pode tornar-se indispon\u00edvel antes de 30 de setembro se o limite da \u00cdndia for atingido.&nbsp;&nbsp;<\/p>\n\n\n\n<h3 class=\"wp-block-heading\">O EB-1 \u00cdndia definitivamente se tornar\u00e1 indispon\u00edvel?&nbsp;<\/h3>\n\n\n\n<p class=\"wp-block-paragraph\">N\u00e3o. O Department of State descreve isso como uma possibilidade, n\u00e3o como um resultado confirmado. Se ir\u00e1 acontecer depende da demanda e do uso de n\u00fameros at\u00e9 o fim do ano fiscal.&nbsp;&nbsp;<\/p>\n\n\n\n<h3 class=\"wp-block-heading\">O novo alerta do EB-5 se aplica aos vistos set-aside?&nbsp;<\/h3>\n\n\n\n<p class=\"wp-block-paragraph\">N\u00e3o. O alerta de setembro concerne \u00e0 categoria EB-5 Unreserved. As categorias set-aside rural, high-unemployment e infrastructure permanecem Current no boletim de setembro.&nbsp;&nbsp;<\/p>\n\n\n\n<h2 class=\"wp-block-heading\">Seu Pr\u00f3ximo Passo&nbsp;<\/h2>\n\n\n\n<p class=\"wp-block-paragraph\">Na Colombo &amp; Hurd, ajudamos profissionais a lerem cada Boletim de Vistos em contexto e a decidirem quando apresentar o pedido. Para quem est\u00e1 considerando apresentar um pedido de EB-2 NIW neste m\u00eas, nossa equipe oferece uma <a href=\"https:\/\/www.colombohurdlaw.com\/eb2-niw-qualify\/\" target=\"_blank\" rel=\"noopener\">avalia\u00e7\u00e3o gratuita do perfil para EB-2 NIW<\/a> para ajudar voc\u00ea a entender sua posi\u00e7\u00e3o antes de apresentar o pedido.&nbsp;<\/p>\n\n\n<section class=\"wp-block-acf--spacing-large wp-block-acf wp-block-acf-post-cta\" id=\"block_dd1acbe26626cdccf3ba9b1004b218e2\"><div class=\"wp-block-acf-post-cta__container\">\n<div class=\"wp-block-acf-post-cta__content\">\n\n    <div class=\"wp-block-acf__header\"><h2>Veja Se Voc\u00ea Se Qualifica<\/h2><div class=\"wp-block-acf__text\"><p>Obtenha hoje sua avalia\u00e7\u00e3o gratuita de perfil para visto EB-2 NIW.<\/p>\n<\/div><\/div><div class=\"wp-block-acf-post-cta__button\"><a class=\"acf-button\" href=\"https:\/\/niwapproval.io\/colombo-hurd-qs-v4\/?utm_source=Website&amp;_gl=1*1b97gzy*_gcl_au*MTI4MDM2NDgwNS4xNzc3OTg1MjE2Li0uLS4xNzg0MjI5NTgwLjc5NTQxMDY4NS4xNzg1MTcxNTE0LjE3ODUxNzE1MjI.\">Avalie Seu Perfil<\/a><\/div>\n<\/div>\n\n\n<\/section><\/div>\n<\/div>\n<\/div>\n","protected":false},"excerpt":{"rendered":"<p>Nesta P\u00e1gina AVALIE SEU PERFIL O Boletim de Vistos de Setembro de 2026 mant\u00e9m a maioria das categorias baseadas em emprego est\u00e1veis, com o EB-2 permanecendo Current na tabela de Datas de A\u00e7\u00e3o Final para todos os pa\u00edses, exceto \u00cdndia e China. United States Citizenship and Immigration Services (USCIS) designou novamente a tabela de Datas &#8230; <a title=\"Boletim de Vistos de Setembro de 2026: EB-2 Permanece Current no Encerramento do Ano Fiscal\" class=\"read-more\" href=\"https:\/\/www.colombohurdlaw.com\/pt-br\/boletim-de-vistos-de-setembro-de-2026\/\" aria-label=\"Read more about Boletim de Vistos de Setembro de 2026: EB-2 Permanece Current no Encerramento do Ano Fiscal\">Read more<\/a><\/p>\n","protected":false},"author":14,"featured_media":31502,"comment_status":"closed","ping_status":"closed","sticky":false,"template":"","format":"standard","meta":{"_acf_changed":false,"om_disable_all_campaigns":false,"footnotes":""},"categories":[142,143,174],"tags":[],"resource_country":[],"resource_profession":[],"resource_visa":[],"class_list":["post-31496","post","type-post","status-publish","format-standard","has-post-thumbnail","hentry","category-immigration-news","category-immigration","category-eb-2","no-featured-image-padding"],"acf":[],"yoast_head":"<!-- This site is optimized with the Yoast SEO plugin v28.3 - https:\/\/yoast.com\/product\/yoast-seo-wordpress\/ -->\n<title>Boletim de Vistos de setembro de 2026<\/title>\n<meta name=\"description\" content=\"O Boletim de Vistos de setembro de 2026 mant\u00e9m a categoria EB-2 como \u201cCurrent\u201d para a maioria dos pa\u00edses, no \u00faltimo m\u00eas do ano fiscal de 2026. Confira as Final Action Dates e saiba o que observar.\" \/>\n<meta name=\"robots\" content=\"index, follow, max-snippet:-1, max-image-preview:large, max-video-preview:-1\" \/>\n<link rel=\"canonical\" href=\"https:\/\/www.colombohurdlaw.com\/pt-br\/boletim-de-vistos-de-setembro-de-2026\/\" \/>\n<meta property=\"og:locale\" content=\"pt_BR\" \/>\n<meta property=\"og:type\" content=\"article\" \/>\n<meta property=\"og:title\" content=\"Boletim de Vistos de setembro de 2026\" \/>\n<meta property=\"og:description\" content=\"O Boletim de Vistos de setembro de 2026 mant\u00e9m a categoria EB-2 como \u201cCurrent\u201d para a maioria dos pa\u00edses, no \u00faltimo m\u00eas do ano fiscal de 2026. Confira as Final Action Dates e saiba o que observar.\" \/>\n<meta property=\"og:url\" content=\"https:\/\/www.colombohurdlaw.com\/pt-br\/boletim-de-vistos-de-setembro-de-2026\/\" \/>\n<meta property=\"og:site_name\" content=\"Colombo &amp; Hurd, PL\" \/>\n<meta property=\"article:published_time\" content=\"2026-08-27T21:46:57+00:00\" \/>\n<meta property=\"article:modified_time\" content=\"2026-08-28T14:27:17+00:00\" \/>\n<meta property=\"og:image\" content=\"https:\/\/www.colombohurdlaw.com\/wp-content\/uploads\/2026\/08\/2026-VISA-BULLETIN-POR.png\" \/>\n\t<meta property=\"og:image:width\" content=\"1543\" \/>\n\t<meta property=\"og:image:height\" content=\"982\" \/>\n\t<meta property=\"og:image:type\" content=\"image\/png\" \/>\n<meta name=\"author\" content=\"Carlos Colombo\" \/>\n<meta name=\"twitter:card\" content=\"summary_large_image\" \/>\n<meta name=\"twitter:label1\" content=\"Escrito por\" \/>\n\t<meta name=\"twitter:data1\" content=\"Carlos Colombo\" \/>\n\t<meta name=\"twitter:label2\" content=\"Est. tempo de leitura\" \/>\n\t<meta name=\"twitter:data2\" content=\"10 minutos\" \/>\n<script type=\"application\/ld+json\" class=\"yoast-schema-graph\">{\"@context\":\"https:\\\/\\\/schema.org\",\"@graph\":[{\"@type\":\"Article\",\"@id\":\"https:\\\/\\\/www.colombohurdlaw.com\\\/pt-br\\\/boletim-de-vistos-de-setembro-de-2026\\\/#article\",\"isPartOf\":{\"@id\":\"https:\\\/\\\/www.colombohurdlaw.com\\\/pt-br\\\/boletim-de-vistos-de-setembro-de-2026\\\/\"},\"author\":{\"name\":\"Carlos Colombo\",\"@id\":\"https:\\\/\\\/www.colombohurdlaw.com\\\/pt-br\\\/#\\\/schema\\\/person\\\/47303e19e9215f4c369501a0b4458671\"},\"headline\":\"Boletim de Vistos de Setembro de 2026: EB-2 Permanece Current no Encerramento do Ano Fiscal\",\"datePublished\":\"2026-08-27T21:46:57+00:00\",\"dateModified\":\"2026-08-28T14:27:17+00:00\",\"mainEntityOfPage\":{\"@id\":\"https:\\\/\\\/www.colombohurdlaw.com\\\/pt-br\\\/boletim-de-vistos-de-setembro-de-2026\\\/\"},\"wordCount\":2275,\"publisher\":{\"@id\":\"https:\\\/\\\/www.colombohurdlaw.com\\\/pt-br\\\/#organization\"},\"image\":{\"@id\":\"https:\\\/\\\/www.colombohurdlaw.com\\\/pt-br\\\/boletim-de-vistos-de-setembro-de-2026\\\/#primaryimage\"},\"thumbnailUrl\":\"https:\\\/\\\/www.colombohurdlaw.com\\\/wp-content\\\/uploads\\\/2026\\\/08\\\/2026-VISA-BULLETIN-POR.png\",\"articleSection\":[\"Immigration News\",\"Immigration\",\"EB-2 NIW Visa\"],\"inLanguage\":\"pt-BR\"},{\"@type\":\"WebPage\",\"@id\":\"https:\\\/\\\/www.colombohurdlaw.com\\\/pt-br\\\/boletim-de-vistos-de-setembro-de-2026\\\/\",\"url\":\"https:\\\/\\\/www.colombohurdlaw.com\\\/pt-br\\\/boletim-de-vistos-de-setembro-de-2026\\\/\",\"name\":\"Boletim de Vistos de setembro de 2026\",\"isPartOf\":{\"@id\":\"https:\\\/\\\/www.colombohurdlaw.com\\\/pt-br\\\/#website\"},\"primaryImageOfPage\":{\"@id\":\"https:\\\/\\\/www.colombohurdlaw.com\\\/pt-br\\\/boletim-de-vistos-de-setembro-de-2026\\\/#primaryimage\"},\"image\":{\"@id\":\"https:\\\/\\\/www.colombohurdlaw.com\\\/pt-br\\\/boletim-de-vistos-de-setembro-de-2026\\\/#primaryimage\"},\"thumbnailUrl\":\"https:\\\/\\\/www.colombohurdlaw.com\\\/wp-content\\\/uploads\\\/2026\\\/08\\\/2026-VISA-BULLETIN-POR.png\",\"datePublished\":\"2026-08-27T21:46:57+00:00\",\"dateModified\":\"2026-08-28T14:27:17+00:00\",\"description\":\"O Boletim de Vistos de setembro de 2026 mant\u00e9m a categoria EB-2 como \u201cCurrent\u201d para a maioria dos pa\u00edses, no \u00faltimo m\u00eas do ano fiscal de 2026. Confira as Final Action Dates e saiba o que observar.\",\"breadcrumb\":{\"@id\":\"https:\\\/\\\/www.colombohurdlaw.com\\\/pt-br\\\/boletim-de-vistos-de-setembro-de-2026\\\/#breadcrumb\"},\"inLanguage\":\"pt-BR\",\"potentialAction\":[{\"@type\":\"ReadAction\",\"target\":[\"https:\\\/\\\/www.colombohurdlaw.com\\\/pt-br\\\/boletim-de-vistos-de-setembro-de-2026\\\/\"]}]},{\"@type\":\"ImageObject\",\"inLanguage\":\"pt-BR\",\"@id\":\"https:\\\/\\\/www.colombohurdlaw.com\\\/pt-br\\\/boletim-de-vistos-de-setembro-de-2026\\\/#primaryimage\",\"url\":\"https:\\\/\\\/www.colombohurdlaw.com\\\/wp-content\\\/uploads\\\/2026\\\/08\\\/2026-VISA-BULLETIN-POR.png\",\"contentUrl\":\"https:\\\/\\\/www.colombohurdlaw.com\\\/wp-content\\\/uploads\\\/2026\\\/08\\\/2026-VISA-BULLETIN-POR.png\",\"width\":1543,\"height\":982},{\"@type\":\"BreadcrumbList\",\"@id\":\"https:\\\/\\\/www.colombohurdlaw.com\\\/pt-br\\\/boletim-de-vistos-de-setembro-de-2026\\\/#breadcrumb\",\"itemListElement\":[{\"@type\":\"ListItem\",\"position\":1,\"name\":\"Home\",\"item\":\"https:\\\/\\\/www.colombohurdlaw.com\\\/pt-br\\\/\"},{\"@type\":\"ListItem\",\"position\":2,\"name\":\"Boletim de Vistos de Setembro de 2026: EB-2 Permanece Current no Encerramento do Ano Fiscal\"}]},{\"@type\":\"WebSite\",\"@id\":\"https:\\\/\\\/www.colombohurdlaw.com\\\/pt-br\\\/#website\",\"url\":\"https:\\\/\\\/www.colombohurdlaw.com\\\/pt-br\\\/\",\"name\":\"Colombo &amp; Hurd, PL\",\"description\":\"\",\"publisher\":{\"@id\":\"https:\\\/\\\/www.colombohurdlaw.com\\\/pt-br\\\/#organization\"},\"potentialAction\":[{\"@type\":\"SearchAction\",\"target\":{\"@type\":\"EntryPoint\",\"urlTemplate\":\"https:\\\/\\\/www.colombohurdlaw.com\\\/pt-br\\\/?s={search_term_string}\"},\"query-input\":{\"@type\":\"PropertyValueSpecification\",\"valueRequired\":true,\"valueName\":\"search_term_string\"}}],\"inLanguage\":\"pt-BR\"},{\"@type\":\"Organization\",\"@id\":\"https:\\\/\\\/www.colombohurdlaw.com\\\/pt-br\\\/#organization\",\"name\":\"Colombo &amp; Hurd, PL\",\"url\":\"https:\\\/\\\/www.colombohurdlaw.com\\\/pt-br\\\/\",\"logo\":{\"@type\":\"ImageObject\",\"inLanguage\":\"pt-BR\",\"@id\":\"https:\\\/\\\/www.colombohurdlaw.com\\\/pt-br\\\/#\\\/schema\\\/logo\\\/image\\\/\",\"url\":\"https:\\\/\\\/www.colombohurdlaw.com\\\/wp-content\\\/uploads\\\/2025\\\/05\\\/logo.svg\",\"contentUrl\":\"https:\\\/\\\/www.colombohurdlaw.com\\\/wp-content\\\/uploads\\\/2025\\\/05\\\/logo.svg\",\"width\":218,\"height\":40,\"caption\":\"Colombo &amp; Hurd, PL\"},\"image\":{\"@id\":\"https:\\\/\\\/www.colombohurdlaw.com\\\/pt-br\\\/#\\\/schema\\\/logo\\\/image\\\/\"}},{\"@type\":\"Person\",\"@id\":\"https:\\\/\\\/www.colombohurdlaw.com\\\/pt-br\\\/#\\\/schema\\\/person\\\/47303e19e9215f4c369501a0b4458671\",\"name\":\"Carlos Colombo\",\"image\":{\"@type\":\"ImageObject\",\"inLanguage\":\"pt-BR\",\"@id\":\"https:\\\/\\\/secure.gravatar.com\\\/avatar\\\/30ba8c74863a2bf910b98bcc1f28d41dcc58518399dda385369c3ba5b3c23d2d?s=96&d=mm&r=g\",\"url\":\"https:\\\/\\\/secure.gravatar.com\\\/avatar\\\/30ba8c74863a2bf910b98bcc1f28d41dcc58518399dda385369c3ba5b3c23d2d?s=96&d=mm&r=g\",\"contentUrl\":\"https:\\\/\\\/secure.gravatar.com\\\/avatar\\\/30ba8c74863a2bf910b98bcc1f28d41dcc58518399dda385369c3ba5b3c23d2d?s=96&d=mm&r=g\",\"caption\":\"Carlos Colombo\"},\"description\":\"Carlos M. Colombo is an internationally recognized immigration attorney and the founding partner of Colombo &amp; Hurd, PL. Under his leadership, the firm has grown from a boutique practice into one of the nation\u2019s leading immigration law firms, with more than 30 licensed U.S. attorneys and a global team of over 350 professionals serving clients worldwide. He advises individuals, entrepreneurs, investors, executives, and Fortune 500 companies on a full range of U.S. immigration matters, helping clients obtain temporary visas and permanent residency. A recognized authority in employment-based immigration, Mr. Colombo is particularly known for his pioneering work with National Interest Waiver (NIW) petitions, helping highly skilled professionals secure permanent residency without employer sponsorship or significant investment requirements. He is a frequent commentator for major international media outlets on immigration policy, business, and economic issues, and has spoken extensively throughout the United States, Latin America, and Europe. Mr. Colombo earned his J.D. from Emory University School of Law and his B.A. in Political Science from the University of Central Florida, and is admitted to practice before multiple courts and professional organizations, including the American Immigration Lawyers Association.\",\"sameAs\":[\"https:\\\/\\\/www.colombohurdlaw.com\\\/attorneys\\\/carlos-colombo\\\/\",\"https:\\\/\\\/www.linkedin.com\\\/company\\\/colomboandhurd\\\/\"],\"url\":\"https:\\\/\\\/www.colombohurdlaw.com\\\/pt-br\\\/author\\\/ccolombo\\\/\"}]}<\/script>\n<!-- \/ Yoast SEO plugin. -->","yoast_head_json":{"title":"Boletim de Vistos de setembro de 2026","description":"O Boletim de Vistos de setembro de 2026 mant\u00e9m a categoria EB-2 como \u201cCurrent\u201d para a maioria dos pa\u00edses, no \u00faltimo m\u00eas do ano fiscal de 2026. Confira as Final Action Dates e saiba o que observar.","robots":{"index":"index","follow":"follow","max-snippet":"max-snippet:-1","max-image-preview":"max-image-preview:large","max-video-preview":"max-video-preview:-1"},"canonical":"https:\/\/www.colombohurdlaw.com\/pt-br\/boletim-de-vistos-de-setembro-de-2026\/","og_locale":"pt_BR","og_type":"article","og_title":"Boletim de Vistos de setembro de 2026","og_description":"O Boletim de Vistos de setembro de 2026 mant\u00e9m a categoria EB-2 como \u201cCurrent\u201d para a maioria dos pa\u00edses, no \u00faltimo m\u00eas do ano fiscal de 2026. Confira as Final Action Dates e saiba o que observar.","og_url":"https:\/\/www.colombohurdlaw.com\/pt-br\/boletim-de-vistos-de-setembro-de-2026\/","og_site_name":"Colombo &amp; Hurd, PL","article_published_time":"2026-08-27T21:46:57+00:00","article_modified_time":"2026-08-28T14:27:17+00:00","og_image":[{"width":1543,"height":982,"url":"https:\/\/www.colombohurdlaw.com\/wp-content\/uploads\/2026\/08\/2026-VISA-BULLETIN-POR.png","type":"image\/png"}],"author":"Carlos Colombo","twitter_card":"summary_large_image","twitter_misc":{"Escrito por":"Carlos Colombo","Est. tempo de leitura":"10 minutos"},"schema":{"@context":"https:\/\/schema.org","@graph":[{"@type":"Article","@id":"https:\/\/www.colombohurdlaw.com\/pt-br\/boletim-de-vistos-de-setembro-de-2026\/#article","isPartOf":{"@id":"https:\/\/www.colombohurdlaw.com\/pt-br\/boletim-de-vistos-de-setembro-de-2026\/"},"author":{"name":"Carlos Colombo","@id":"https:\/\/www.colombohurdlaw.com\/pt-br\/#\/schema\/person\/47303e19e9215f4c369501a0b4458671"},"headline":"Boletim de Vistos de Setembro de 2026: EB-2 Permanece Current no Encerramento do Ano Fiscal","datePublished":"2026-08-27T21:46:57+00:00","dateModified":"2026-08-28T14:27:17+00:00","mainEntityOfPage":{"@id":"https:\/\/www.colombohurdlaw.com\/pt-br\/boletim-de-vistos-de-setembro-de-2026\/"},"wordCount":2275,"publisher":{"@id":"https:\/\/www.colombohurdlaw.com\/pt-br\/#organization"},"image":{"@id":"https:\/\/www.colombohurdlaw.com\/pt-br\/boletim-de-vistos-de-setembro-de-2026\/#primaryimage"},"thumbnailUrl":"https:\/\/www.colombohurdlaw.com\/wp-content\/uploads\/2026\/08\/2026-VISA-BULLETIN-POR.png","articleSection":["Immigration News","Immigration","EB-2 NIW Visa"],"inLanguage":"pt-BR"},{"@type":"WebPage","@id":"https:\/\/www.colombohurdlaw.com\/pt-br\/boletim-de-vistos-de-setembro-de-2026\/","url":"https:\/\/www.colombohurdlaw.com\/pt-br\/boletim-de-vistos-de-setembro-de-2026\/","name":"Boletim de Vistos de setembro de 2026","isPartOf":{"@id":"https:\/\/www.colombohurdlaw.com\/pt-br\/#website"},"primaryImageOfPage":{"@id":"https:\/\/www.colombohurdlaw.com\/pt-br\/boletim-de-vistos-de-setembro-de-2026\/#primaryimage"},"image":{"@id":"https:\/\/www.colombohurdlaw.com\/pt-br\/boletim-de-vistos-de-setembro-de-2026\/#primaryimage"},"thumbnailUrl":"https:\/\/www.colombohurdlaw.com\/wp-content\/uploads\/2026\/08\/2026-VISA-BULLETIN-POR.png","datePublished":"2026-08-27T21:46:57+00:00","dateModified":"2026-08-28T14:27:17+00:00","description":"O Boletim de Vistos de setembro de 2026 mant\u00e9m a categoria EB-2 como \u201cCurrent\u201d para a maioria dos pa\u00edses, no \u00faltimo m\u00eas do ano fiscal de 2026. Confira as Final Action Dates e saiba o que observar.","breadcrumb":{"@id":"https:\/\/www.colombohurdlaw.com\/pt-br\/boletim-de-vistos-de-setembro-de-2026\/#breadcrumb"},"inLanguage":"pt-BR","potentialAction":[{"@type":"ReadAction","target":["https:\/\/www.colombohurdlaw.com\/pt-br\/boletim-de-vistos-de-setembro-de-2026\/"]}]},{"@type":"ImageObject","inLanguage":"pt-BR","@id":"https:\/\/www.colombohurdlaw.com\/pt-br\/boletim-de-vistos-de-setembro-de-2026\/#primaryimage","url":"https:\/\/www.colombohurdlaw.com\/wp-content\/uploads\/2026\/08\/2026-VISA-BULLETIN-POR.png","contentUrl":"https:\/\/www.colombohurdlaw.com\/wp-content\/uploads\/2026\/08\/2026-VISA-BULLETIN-POR.png","width":1543,"height":982},{"@type":"BreadcrumbList","@id":"https:\/\/www.colombohurdlaw.com\/pt-br\/boletim-de-vistos-de-setembro-de-2026\/#breadcrumb","itemListElement":[{"@type":"ListItem","position":1,"name":"Home","item":"https:\/\/www.colombohurdlaw.com\/pt-br\/"},{"@type":"ListItem","position":2,"name":"Boletim de Vistos de Setembro de 2026: EB-2 Permanece Current no Encerramento do Ano Fiscal"}]},{"@type":"WebSite","@id":"https:\/\/www.colombohurdlaw.com\/pt-br\/#website","url":"https:\/\/www.colombohurdlaw.com\/pt-br\/","name":"Colombo &amp; Hurd, PL","description":"","publisher":{"@id":"https:\/\/www.colombohurdlaw.com\/pt-br\/#organization"},"potentialAction":[{"@type":"SearchAction","target":{"@type":"EntryPoint","urlTemplate":"https:\/\/www.colombohurdlaw.com\/pt-br\/?s={search_term_string}"},"query-input":{"@type":"PropertyValueSpecification","valueRequired":true,"valueName":"search_term_string"}}],"inLanguage":"pt-BR"},{"@type":"Organization","@id":"https:\/\/www.colombohurdlaw.com\/pt-br\/#organization","name":"Colombo &amp; Hurd, PL","url":"https:\/\/www.colombohurdlaw.com\/pt-br\/","logo":{"@type":"ImageObject","inLanguage":"pt-BR","@id":"https:\/\/www.colombohurdlaw.com\/pt-br\/#\/schema\/logo\/image\/","url":"https:\/\/www.colombohurdlaw.com\/wp-content\/uploads\/2025\/05\/logo.svg","contentUrl":"https:\/\/www.colombohurdlaw.com\/wp-content\/uploads\/2025\/05\/logo.svg","width":218,"height":40,"caption":"Colombo &amp; Hurd, PL"},"image":{"@id":"https:\/\/www.colombohurdlaw.com\/pt-br\/#\/schema\/logo\/image\/"}},{"@type":"Person","@id":"https:\/\/www.colombohurdlaw.com\/pt-br\/#\/schema\/person\/47303e19e9215f4c369501a0b4458671","name":"Carlos Colombo","image":{"@type":"ImageObject","inLanguage":"pt-BR","@id":"https:\/\/secure.gravatar.com\/avatar\/30ba8c74863a2bf910b98bcc1f28d41dcc58518399dda385369c3ba5b3c23d2d?s=96&d=mm&r=g","url":"https:\/\/secure.gravatar.com\/avatar\/30ba8c74863a2bf910b98bcc1f28d41dcc58518399dda385369c3ba5b3c23d2d?s=96&d=mm&r=g","contentUrl":"https:\/\/secure.gravatar.com\/avatar\/30ba8c74863a2bf910b98bcc1f28d41dcc58518399dda385369c3ba5b3c23d2d?s=96&d=mm&r=g","caption":"Carlos Colombo"},"description":"Carlos M. Colombo is an internationally recognized immigration attorney and the founding partner of Colombo &amp; Hurd, PL. Under his leadership, the firm has grown from a boutique practice into one of the nation\u2019s leading immigration law firms, with more than 30 licensed U.S. attorneys and a global team of over 350 professionals serving clients worldwide. He advises individuals, entrepreneurs, investors, executives, and Fortune 500 companies on a full range of U.S. immigration matters, helping clients obtain temporary visas and permanent residency. A recognized authority in employment-based immigration, Mr. Colombo is particularly known for his pioneering work with National Interest Waiver (NIW) petitions, helping highly skilled professionals secure permanent residency without employer sponsorship or significant investment requirements. He is a frequent commentator for major international media outlets on immigration policy, business, and economic issues, and has spoken extensively throughout the United States, Latin America, and Europe. Mr. Colombo earned his J.D. from Emory University School of Law and his B.A. in Political Science from the University of Central Florida, and is admitted to practice before multiple courts and professional organizations, including the American Immigration Lawyers Association.","sameAs":["https:\/\/www.colombohurdlaw.com\/attorneys\/carlos-colombo\/","https:\/\/www.linkedin.com\/company\/colomboandhurd\/"],"url":"https:\/\/www.colombohurdlaw.com\/pt-br\/author\/ccolombo\/"}]}},"_links":{"self":[{"href":"https:\/\/www.colombohurdlaw.com\/pt-br\/wp-json\/wp\/v2\/posts\/31496","targetHints":{"allow":["GET"]}}],"collection":[{"href":"https:\/\/www.colombohurdlaw.com\/pt-br\/wp-json\/wp\/v2\/posts"}],"about":[{"href":"https:\/\/www.colombohurdlaw.com\/pt-br\/wp-json\/wp\/v2\/types\/post"}],"author":[{"embeddable":true,"href":"https:\/\/www.colombohurdlaw.com\/pt-br\/wp-json\/wp\/v2\/users\/14"}],"replies":[{"embeddable":true,"href":"https:\/\/www.colombohurdlaw.com\/pt-br\/wp-json\/wp\/v2\/comments?post=31496"}],"version-history":[{"count":6,"href":"https:\/\/www.colombohurdlaw.com\/pt-br\/wp-json\/wp\/v2\/posts\/31496\/revisions"}],"predecessor-version":[{"id":31510,"href":"https:\/\/www.colombohurdlaw.com\/pt-br\/wp-json\/wp\/v2\/posts\/31496\/revisions\/31510"}],"wp:featuredmedia":[{"embeddable":true,"href":"https:\/\/www.colombohurdlaw.com\/pt-br\/wp-json\/wp\/v2\/media\/31502"}],"wp:attachment":[{"href":"https:\/\/www.colombohurdlaw.com\/pt-br\/wp-json\/wp\/v2\/media?parent=31496"}],"wp:term":[{"taxonomy":"category","embeddable":true,"href":"https:\/\/www.colombohurdlaw.com\/pt-br\/wp-json\/wp\/v2\/categories?post=31496"},{"taxonomy":"post_tag","embeddable":true,"href":"https:\/\/www.colombohurdlaw.com\/pt-br\/wp-json\/wp\/v2\/tags?post=31496"},{"taxonomy":"resource_country","embeddable":true,"href":"https:\/\/www.colombohurdlaw.com\/pt-br\/wp-json\/wp\/v2\/resource_country?post=31496"},{"taxonomy":"resource_profession","embeddable":true,"href":"https:\/\/www.colombohurdlaw.com\/pt-br\/wp-json\/wp\/v2\/resource_profession?post=31496"},{"taxonomy":"resource_visa","embeddable":true,"href":"https:\/\/www.colombohurdlaw.com\/pt-br\/wp-json\/wp\/v2\/resource_visa?post=31496"}],"curies":[{"name":"wp","href":"https:\/\/api.w.org\/{rel}","templated":true}]}}